{"id":540,"date":"2019-04-14T22:33:30","date_gmt":"2019-04-14T20:33:30","guid":{"rendered":"http:\/\/www.rmsv-langenbrand.de\/?p=540"},"modified":"2019-04-14T22:35:04","modified_gmt":"2019-04-14T20:35:04","slug":"erstes-mtb-rennen-der-saison-in-untermuenkheim","status":"publish","type":"post","link":"https:\/\/www.rmsv-langenbrand.de\/?p=540","title":{"rendered":"Erstes MTB-Rennen der Saison in Unterm\u00fcnkheim"},"content":{"rendered":"\n<p>Am Sonntag, den 7. April fand in Unterm\u00fcnkheim das erste\nRennen um den MPDV-Cup statt. Vom MTB-Juniorteam des RMSV Langenbrand waren 8\nKinder und Jugendliche in den Klassen U9, U11 und U15 erstmals im neuen\nVereinstrikot am Start. Vor dem\nersten Rennen war die Spannung und Ungewissheit bei den Athleten gro\u00df. Wie hat\ndas Training \u00fcbe den Winter angeschlagen? In welcher Form ist die Konkurrenz? Lenny\nGirrbach und Lisa Glauner kamen in der Klasse U9 sehr gut mit dem\nTechnikparcours zurecht und durften entsprechend weit vorne beim folgenden\nRundstrecken starten. Lisa \u00fcberquerte als erstes M\u00e4dchen die Ziellinie, Lenny\nerreichte einen sehr guten 11. Platz.<\/p>\n\n\n\n<p>Die Rennen der Klassen U11 und U15 wurden als Vario-Race durchgef\u00fchrt. Wurde ein Hindernis nicht geschafft, dann musste der Sportler, wie aus dem Biathlon bekannt, in eine Strafrunde. In der Klasse U11 waren Daan van Empel und Marc Glauner am Start. Auf der anspruchsvollen Strecke setzte sich schon fr\u00fch eine f\u00fcnfk\u00f6pfige Spitzengruppe ab. Marc konnte sich im Verfolgerfeld platzieren und vor allem an den steilen Wiesenanstiegen seine St\u00e4rken ausspielen. In den drei Runden konnte er sich immer weiter nach vorne arbeiten und im Zielsprint den Kampf um Platz 8 f\u00fcr sich entscheiden. Daan erreichte das Ziel auf Platz 17 von insgesamt 28 gestarteten Kindern. F\u00fcr das Rennen der Klasse U15 waren 27 Fahrer gemeldet, darunter auch 4 Sportler des RMSV Langenbrand. Die Sportler mussten auf die gleiche Runde, wie zuvor schon die Herren- und Damenklasse, zus\u00e4tzlich aber \u00fcber eine in die Strecke eingebaute Technikpassage. Insgesamt galt es vier Runden zu fahren. Stefan Glauner konnte zu Beginn des Rennens zwar nicht mit der Spitze mithalten, fuhr aber ein starkes Rennen und konnte von Runde zu Runde Zeit gutmachen und sich auf Rang 14 vorfahren. Phileas Melchert fuhr sein erstes MTB-Rennen und feierte als 19. ein tolles Deb\u00fct. Ihm folgten auf den Pl\u00e4tzen 22 und 23 Luca Hucker und Konstantin Braun. <\/p>\n\n\n\n<p>Am Sonntag, den 7. April fand in Unterm\u00fcnkheim das erste\nRennen um den MPDV-Cup statt. Vom MTB-Juniorteam des RMSV Langenbrand waren 8\nKinder und Jugendliche in den Klassen U9, U11 und U15 erstmals im neuen\nVereinstrikot am Start. Vor dem\nersten Rennen war die Spannung und Ungewissheit bei den Athleten gro\u00df. Wie hat\ndas Training \u00fcbe den Winter angeschlagen? In welcher Form ist die Konkurrenz? Lenny\nGirrbach und Lisa Glauner kamen in der Klasse U9 sehr gut mit dem\nTechnikparcours zurecht und durften entsprechend weit vorne beim folgenden\nRundstrecken starten. Lisa \u00fcberquerte als erstes M\u00e4dchen die Ziellinie, Lenny\nerreichte einen sehr guten 11. Platz.<\/p>\n\n\n\n<p>Alles in allem war es ein gelungener Saisonauftakt, auf den die Athleten in den n\u00e4chsten Rennen aufbauen k\u00f6nnen. Die n\u00e4chste Bew\u00e4hrungsprobe ist das MTB-Rennen in Hausach am 27.\/28. April.<\/p>\n\n\n\n<figure class=\"wp-block-image\"><img loading=\"lazy\" decoding=\"async\" width=\"1024\" height=\"576\" src=\"https:\/\/www.rmsv-langenbrand.de\/wp-content\/uploads\/2019\/04\/Lenny_Untermuenkheim-1024x576.jpg\" alt=\"\" class=\"wp-image-543\" srcset=\"https:\/\/www.rmsv-langenbrand.de\/wp-content\/uploads\/2019\/04\/Lenny_Untermuenkheim-1024x576.jpg 1024w, https:\/\/www.rmsv-langenbrand.de\/wp-content\/uploads\/2019\/04\/Lenny_Untermuenkheim-300x169.jpg 300w, https:\/\/www.rmsv-langenbrand.de\/wp-content\/uploads\/2019\/04\/Lenny_Untermuenkheim-768x432.jpg 768w\" sizes=\"auto, (max-width: 1024px) 100vw, 1024px\" \/><figcaption>Lenny im Technikparcours der U9-Klasse.<\/figcaption><\/figure>\n\n\n\n<figure class=\"wp-block-image\"><img loading=\"lazy\" decoding=\"async\" width=\"1024\" height=\"576\" src=\"https:\/\/www.rmsv-langenbrand.de\/wp-content\/uploads\/2019\/04\/Podest_U11_Untermuenkheim-1024x576.jpg\" alt=\"\" class=\"wp-image-545\" srcset=\"https:\/\/www.rmsv-langenbrand.de\/wp-content\/uploads\/2019\/04\/Podest_U11_Untermuenkheim-1024x576.jpg 1024w, https:\/\/www.rmsv-langenbrand.de\/wp-content\/uploads\/2019\/04\/Podest_U11_Untermuenkheim-300x169.jpg 300w, https:\/\/www.rmsv-langenbrand.de\/wp-content\/uploads\/2019\/04\/Podest_U11_Untermuenkheim-768x432.jpg 768w\" sizes=\"auto, (max-width: 1024px) 100vw, 1024px\" \/><figcaption>Das Podest der U11-Klassen in Unterm\u00fcnkheim.<\/figcaption><\/figure>\n\n\n\n<figure class=\"wp-block-image\"><img loading=\"lazy\" decoding=\"async\" width=\"1024\" height=\"576\" src=\"https:\/\/www.rmsv-langenbrand.de\/wp-content\/uploads\/2019\/04\/Marc_Untermuenkheim-1024x576.jpg\" alt=\"\" class=\"wp-image-544\" srcset=\"https:\/\/www.rmsv-langenbrand.de\/wp-content\/uploads\/2019\/04\/Marc_Untermuenkheim-1024x576.jpg 1024w, https:\/\/www.rmsv-langenbrand.de\/wp-content\/uploads\/2019\/04\/Marc_Untermuenkheim-300x169.jpg 300w, https:\/\/www.rmsv-langenbrand.de\/wp-content\/uploads\/2019\/04\/Marc_Untermuenkheim-768x432.jpg 768w\" sizes=\"auto, (max-width: 1024px) 100vw, 1024px\" \/><figcaption>Marc im Rennen der U11-Klasse nach erfolgreichem Absolvieren der Technikpassage.<\/figcaption><\/figure>\n\n\n\n<figure class=\"wp-block-image\"><img loading=\"lazy\" decoding=\"async\" width=\"1024\" height=\"731\" src=\"https:\/\/www.rmsv-langenbrand.de\/wp-content\/uploads\/2019\/04\/Stefan_Untermuenkheim-1024x731.jpg\" alt=\"\" class=\"wp-image-546\" srcset=\"https:\/\/www.rmsv-langenbrand.de\/wp-content\/uploads\/2019\/04\/Stefan_Untermuenkheim-1024x731.jpg 1024w, https:\/\/www.rmsv-langenbrand.de\/wp-content\/uploads\/2019\/04\/Stefan_Untermuenkheim-300x214.jpg 300w, https:\/\/www.rmsv-langenbrand.de\/wp-content\/uploads\/2019\/04\/Stefan_Untermuenkheim-768x549.jpg 768w\" sizes=\"auto, (max-width: 1024px) 100vw, 1024px\" \/><figcaption>Stefan im Rennen der U15-Klasse.<\/figcaption><\/figure>\n\n\n","protected":false},"excerpt":{"rendered":"<p>Am Sonntag, den 7. April fand in Unterm\u00fcnkheim das erste Rennen um den MPDV-Cup statt. Vom MTB-Juniorteam des RMSV Langenbrand waren 8 Kinder und Jugendliche in den Klassen U9, U11 und U15 erstmals im neuen Vereinstrikot am Start. Vor dem ersten Rennen war die Spannung und Ungewissheit bei den Athleten <a class=\"more-link\" href=\"https:\/\/www.rmsv-langenbrand.de\/?p=540\">Weiterlesen<\/a><\/p>\n","protected":false},"author":2,"featured_media":0,"comment_status":"closed","ping_status":"closed","sticky":false,"template":"","format":"standard","meta":{"ngg_post_thumbnail":0,"footnotes":""},"categories":[1],"tags":[],"class_list":["post-540","post","type-post","status-publish","format-standard","hentry","category-allgemein"],"_links":{"self":[{"href":"https:\/\/www.rmsv-langenbrand.de\/index.php?rest_route=\/wp\/v2\/posts\/540","targetHints":{"allow":["GET"]}}],"collection":[{"href":"https:\/\/www.rmsv-langenbrand.de\/index.php?rest_route=\/wp\/v2\/posts"}],"about":[{"href":"https:\/\/www.rmsv-langenbrand.de\/index.php?rest_route=\/wp\/v2\/types\/post"}],"author":[{"embeddable":true,"href":"https:\/\/www.rmsv-langenbrand.de\/index.php?rest_route=\/wp\/v2\/users\/2"}],"replies":[{"embeddable":true,"href":"https:\/\/www.rmsv-langenbrand.de\/index.php?rest_route=%2Fwp%2Fv2%2Fcomments&post=540"}],"version-history":[{"count":3,"href":"https:\/\/www.rmsv-langenbrand.de\/index.php?rest_route=\/wp\/v2\/posts\/540\/revisions"}],"predecessor-version":[{"id":548,"href":"https:\/\/www.rmsv-langenbrand.de\/index.php?rest_route=\/wp\/v2\/posts\/540\/revisions\/548"}],"wp:attachment":[{"href":"https:\/\/www.rmsv-langenbrand.de\/index.php?rest_route=%2Fwp%2Fv2%2Fmedia&parent=540"}],"wp:term":[{"taxonomy":"category","embeddable":true,"href":"https:\/\/www.rmsv-langenbrand.de\/index.php?rest_route=%2Fwp%2Fv2%2Fcategories&post=540"},{"taxonomy":"post_tag","embeddable":true,"href":"https:\/\/www.rmsv-langenbrand.de\/index.php?rest_route=%2Fwp%2Fv2%2Ftags&post=540"}],"curies":[{"name":"wp","href":"https:\/\/api.w.org\/{rel}","templated":true}]}}