{"id":3392,"date":"2023-08-15T18:14:49","date_gmt":"2023-08-15T16:14:49","guid":{"rendered":"https:\/\/www.rmsv-langenbrand.de\/?p=3392"},"modified":"2023-08-15T18:14:51","modified_gmt":"2023-08-15T16:14:51","slug":"rennberichte-ueber-die-sommermonate-2023","status":"publish","type":"post","link":"https:\/\/www.rmsv-langenbrand.de\/?p=3392","title":{"rendered":"Rennberichte \u00fcber die Sommermonate 2023"},"content":{"rendered":"\n<figure class=\"wp-block-image size-large\"><a href=\"https:\/\/www.rmsv-langenbrand.de\/wp-content\/uploads\/2023\/07\/EFIQ6504.jpg\"><img loading=\"lazy\" decoding=\"async\" width=\"1024\" height=\"682\" src=\"https:\/\/www.rmsv-langenbrand.de\/wp-content\/uploads\/2023\/07\/EFIQ6504-1024x682.jpg\" alt=\"\" class=\"wp-image-3361\" srcset=\"https:\/\/www.rmsv-langenbrand.de\/wp-content\/uploads\/2023\/07\/EFIQ6504-1024x682.jpg 1024w, https:\/\/www.rmsv-langenbrand.de\/wp-content\/uploads\/2023\/07\/EFIQ6504-300x200.jpg 300w, https:\/\/www.rmsv-langenbrand.de\/wp-content\/uploads\/2023\/07\/EFIQ6504-768x512.jpg 768w, https:\/\/www.rmsv-langenbrand.de\/wp-content\/uploads\/2023\/07\/EFIQ6504-1536x1023.jpg 1536w, https:\/\/www.rmsv-langenbrand.de\/wp-content\/uploads\/2023\/07\/EFIQ6504.jpg 1600w\" sizes=\"auto, (max-width: 1024px) 100vw, 1024px\" \/><\/a><\/figure>\n\n\n\n<p>Weiter geht das Radsportjahr des RMSV auch \u00fcber die warmen Sommermonate. Hierbei konnten wieder einige sehr gute Platzierungen erzielt werden. So war am&nbsp;17.06.2023&nbsp; RMSV-Fahrer Tobias&nbsp;Spissinger&nbsp;an der Startlinie des h\u00e4rtesten Mountainbike-Rennens der Welt, dem&nbsp;Hero&nbsp;Dolomites&nbsp;in Wolkenstein. An seinem Geburtstag wagte sich Tobias auf die&nbsp;60km&nbsp;lange Strecke, auf der es&nbsp;3500hm&nbsp;zu bew\u00e4ltigen galt. Nach 7:51h&nbsp;erreichte er das Ziel in Wolkenstein auf Rang 100 in seiner Altersklasse. Ein Rennen, das sowohl dem Fahrer als auch dem Rad alles abverlangte.<\/p>\n\n\n\n<p>Manuel Sch\u00e4fer stand am 08.07.2023 f\u00fcr unseren RMSV beim&nbsp;Albstadt&nbsp;Bike Marathon an der Startlinie. Gestartet wurde \u00fcber die&nbsp;43km&nbsp;lange Kurzdistanz von&nbsp;Onstmettingen&nbsp;nach&nbsp;Albstadt. Manuel konnte gleich zu Beginn des Rennens mit der ersten Gruppe mitgehen, jedoch kostete das hohe Tempo einige K\u00f6rner, welche gegen Ende des Rennens fehlten. Somit kam Manuel nach 1:53h&nbsp;auf einem sehr guten 5. Rang in der Altersklasse und Platz 9 in der Gesamtwertung ins Ziel.<\/p>\n\n\n\n<p>Schon eine Woche sp\u00e4ter ging es f\u00fcr Manuel nach&nbsp;Kirchzarten. Dort wartete der legend\u00e4re&nbsp;Black&nbsp;Forest&nbsp;Ultra&nbsp;Bike Marathon auf ihn. Manuel startete auf dem&nbsp;Short-Track&nbsp;von Hinterzarten nach&nbsp;Kirchzarten. Die&nbsp;42km&nbsp;lange Strecke f\u00fchrte mit ihren&nbsp;1100hm&nbsp;\u00fcber den&nbsp;Raimartihof, den&nbsp;Rinken&nbsp;und&nbsp;Oberried&nbsp;in das Stadion nach&nbsp;Kirchzarten. Die Strecke konnte er in einer Zeit von 1:48:11h&nbsp;bew\u00e4ltigen, dies reichte zu einem starken 6. Platz in der Altersklasse.<\/p>\n\n\n\n<p>Am 22.07 stand unser diesj\u00e4hriges Heimrennen an, nat\u00fcrlich ein Highlight im diesj\u00e4hrigen Rennkalender. Leider sollte das Rennen krankheitsbedingt ohne unsere Fahrer Benjamin Merkel, Manuel Sch\u00e4fer und Tobias&nbsp;Spissinger&nbsp;stattfinden. In deren Abwesenheit hielten daf\u00fcr Nico van&nbsp;Himbergen&nbsp;und Marco Kr\u00e4mer die Fahnen des RMSV-Teams hoch. Nico pr\u00e4sentierte sich gewohnt in einer starken Verfassung und konnte in 1:07h&nbsp;13 Runden auf dem Kurs absolvieren und so auf Platz 8 landen. Marco Kr\u00e4mer absolvierte 12 Runden in ebenfalls 1:07h.Am 29.07. ging es f\u00fcr Manuel zur&nbsp;Nordschwarzwaldtrophy&nbsp;im nahe gelegenen&nbsp;Sch\u00f6mberg&nbsp;. Auf der&nbsp;25km&nbsp;langen Kurzdistanz gespickt mit&nbsp;650hm&nbsp;gab es kaum Zeit um sich zu erholen. Die Strecke gl\u00e4nzte mit sch\u00f6nen Trails und einem st\u00e4ndigen auf und ab. Durch den Regen der letzten Tage war die Strecke schlammig. Manuel, der von einer Erk\u00e4ltung zur\u00fcck kam, konnte zu Beginn das hohe Tempo der Spitze mitgehen. Jedoch machte sich gegen Ende des Rennens das fehlende Training der letzten Wochen bemerkbar und so musste er einen Gang raus nehmen. Er absolvierte die Strecke in 1:07h, dies bedeutete Platz 1 bei den Elite Herren und Rang 9 in der Gesamtwertung.&nbsp;<\/p>\n\n\n\n<p>Am 13.08.2023 machte sich Manuel auf den Weg nach Neustadt an der Weinstra\u00dfe, zum dortigen Bike Marathon. Nachdem in der letzten Woche das sommerliche Wetter zur\u00fcckgekehrt war, zeigte sich der Kurs in Neustadt von seiner sch\u00f6nsten Seite. Die&nbsp;32km&nbsp;lange Kurzdistanz mit&nbsp;800hm&nbsp;f\u00fchrte \u00fcber feinste Flow-Trails oberhalb von Neustadt. Manuel konnte \u00fcber das gesamte Rennen eine Konstante&nbsp;Pace&nbsp;fahren, dies bescherte ihm mit einer Zeit 1:23h&nbsp;den 4.Platz in der Altersklasse und Platz 11 in der Gesamtwertung.<br>Nach den guten Ergebnissen der letzten Wochen gilt es sich nun schon wieder auf den Saisonendspurt im September und Oktober zu konzentrieren. So hoffen wir uns mit weiteren&nbsp;Podestpl\u00e4tzen&nbsp;aus dem Jahr 2023 verabschieden zu k\u00f6nnen.&nbsp;<\/p>\n\n\n\n<figure class=\"wp-block-gallery has-nested-images columns-default is-cropped wp-block-gallery-1 is-layout-flex wp-block-gallery-is-layout-flex\">\n<figure class=\"wp-block-image size-large\"><a href=\"https:\/\/www.rmsv-langenbrand.de\/wp-content\/uploads\/2023\/08\/IMG_2070.jpg\"><img loading=\"lazy\" decoding=\"async\" width=\"1024\" height=\"682\" data-id=\"3393\" src=\"https:\/\/www.rmsv-langenbrand.de\/wp-content\/uploads\/2023\/08\/IMG_2070-1024x682.jpg\" alt=\"\" class=\"wp-image-3393\" srcset=\"https:\/\/www.rmsv-langenbrand.de\/wp-content\/uploads\/2023\/08\/IMG_2070-1024x682.jpg 1024w, https:\/\/www.rmsv-langenbrand.de\/wp-content\/uploads\/2023\/08\/IMG_2070-300x200.jpg 300w, https:\/\/www.rmsv-langenbrand.de\/wp-content\/uploads\/2023\/08\/IMG_2070-768x511.jpg 768w, https:\/\/www.rmsv-langenbrand.de\/wp-content\/uploads\/2023\/08\/IMG_2070.jpg 1200w\" sizes=\"auto, (max-width: 1024px) 100vw, 1024px\" \/><\/a><\/figure>\n<\/figure>\n","protected":false},"excerpt":{"rendered":"<p>Weiter geht das Radsportjahr des RMSV auch \u00fcber die warmen Sommermonate. Hierbei konnten wieder einige sehr gute Platzierungen erzielt werden. So war am&nbsp;17.06.2023&nbsp; RMSV-Fahrer Tobias&nbsp;Spissinger&nbsp;an der Startlinie des h\u00e4rtesten Mountainbike-Rennens der Welt, dem&nbsp;Hero&nbsp;Dolomites&nbsp;in Wolkenstein. An seinem Geburtstag wagte sich Tobias auf die&nbsp;60km&nbsp;lange Strecke, auf der es&nbsp;3500hm&nbsp;zu bew\u00e4ltigen galt. Nach 7:51h&nbsp;erreichte <a class=\"more-link\" href=\"https:\/\/www.rmsv-langenbrand.de\/?p=3392\">Weiterlesen<\/a><\/p>\n","protected":false},"author":5,"featured_media":3361,"comment_status":"closed","ping_status":"closed","sticky":true,"template":"","format":"standard","meta":{"ngg_post_thumbnail":0,"footnotes":""},"categories":[1],"tags":[],"class_list":["post-3392","post","type-post","status-publish","format-standard","has-post-thumbnail","hentry","category-allgemein"],"_links":{"self":[{"href":"https:\/\/www.rmsv-langenbrand.de\/index.php?rest_route=\/wp\/v2\/posts\/3392","targetHints":{"allow":["GET"]}}],"collection":[{"href":"https:\/\/www.rmsv-langenbrand.de\/index.php?rest_route=\/wp\/v2\/posts"}],"about":[{"href":"https:\/\/www.rmsv-langenbrand.de\/index.php?rest_route=\/wp\/v2\/types\/post"}],"author":[{"embeddable":true,"href":"https:\/\/www.rmsv-langenbrand.de\/index.php?rest_route=\/wp\/v2\/users\/5"}],"replies":[{"embeddable":true,"href":"https:\/\/www.rmsv-langenbrand.de\/index.php?rest_route=%2Fwp%2Fv2%2Fcomments&post=3392"}],"version-history":[{"count":1,"href":"https:\/\/www.rmsv-langenbrand.de\/index.php?rest_route=\/wp\/v2\/posts\/3392\/revisions"}],"predecessor-version":[{"id":3394,"href":"https:\/\/www.rmsv-langenbrand.de\/index.php?rest_route=\/wp\/v2\/posts\/3392\/revisions\/3394"}],"wp:featuredmedia":[{"embeddable":true,"href":"https:\/\/www.rmsv-langenbrand.de\/index.php?rest_route=\/wp\/v2\/media\/3361"}],"wp:attachment":[{"href":"https:\/\/www.rmsv-langenbrand.de\/index.php?rest_route=%2Fwp%2Fv2%2Fmedia&parent=3392"}],"wp:term":[{"taxonomy":"category","embeddable":true,"href":"https:\/\/www.rmsv-langenbrand.de\/index.php?rest_route=%2Fwp%2Fv2%2Fcategories&post=3392"},{"taxonomy":"post_tag","embeddable":true,"href":"https:\/\/www.rmsv-langenbrand.de\/index.php?rest_route=%2Fwp%2Fv2%2Ftags&post=3392"}],"curies":[{"name":"wp","href":"https:\/\/api.w.org\/{rel}","templated":true}]}}