{"id":3025,"date":"2023-05-08T20:35:30","date_gmt":"2023-05-08T18:35:30","guid":{"rendered":"http:\/\/www.rmsv-langenbrand.de\/?p=3025"},"modified":"2023-05-08T20:35:44","modified_gmt":"2023-05-08T18:35:44","slug":"erfolgreiche-teilnahme-beim-auftakt-des-mpdv-cup-in-untermuenkheim","status":"publish","type":"post","link":"https:\/\/www.rmsv-langenbrand.de\/?p=3025","title":{"rendered":"Erfolgreiche Teilnahme beim Auftakt des MPDV-Cup in Unterm\u00fcnkheim"},"content":{"rendered":"\n<p>Am Sonntag, dem 7. Mai waren 5 Sportler des RMSV Langenbrand bei der Auftaktveranstaltung des MPDV-Cup in Unterm\u00fcnkheim am Start. Gregor Sprenger startete beim Hobby-Rennen in der Klasse der Senioren und erreichte auf der anspruchsvollen Strecke einen hervorragenden zweiten Platz. Beim Rennen der Lizenzklassen war Stefan Glauner in der Klasse der Junioren am Start. Mit Luis Neff und Tim Feinauer waren hier zwei international erfolgreiche Profis mit dabei, die das Rennen von Beginn an schnell machten und sich fr\u00fch vom Rest des Feldes absetzten. Stefan konnte sich im Feld etablieren und fuhr konstante Rundenzeiten bis ins Ziel, wo er Platz 3 belegte. In der Klasse U13 m\u00e4nnlich startete Hannes Sprenger, der sich nach dem Startschuss zusammen mit einem weiteren Fahrer an die Spitze des Feldes setzte. Am Berg hatte Hannes die Nase vorn, im Bikepark konnte der Fahrer von der TURA Unterm\u00fcnkheim aber die bessere Streckenkenntnis ausspielen und sich leicht absetzen. Am Ende reichte es f\u00fcr Hannes f\u00fcr einen sehr guten zweiten Platz. Bei den M\u00e4dchen starteten die Klassen U13 und U15 gemeinsam in einem Rennen. Obwohl Lisa Glauner zum j\u00fcngeren Jahrgang der U13 geh\u00f6rt, konnte sie sich sowohl im Anstieg als auch in der Technik sehr gut behaupten und blieb \u00fcber die gesamte Renndistanz von 3 Runden im Kontakt mit der Spitze der U15 Klasse. Mit dieser Leistung hat sie verdient den ersten Platz in ihrer Klasse belegt. Im Rennen der U15 m\u00e4nnlich war Marc Glauner am Start. Es ging \u00fcber 4 gro\u00dfe Runden und schon fr\u00fch hatten sich zwei Fahrer absetzen k\u00f6nnen. In der Verfolgergruppe entbrannte zwischen Marc und einem weiteren Fahrer vom Verein des Veranstalters ein spannender Kampf um Platz 3, der erst in der letzten Runde durch einen kleinen Ausrutscher von Marc in der Bikepark-Sektion entschieden wurde. Mit einem hervorragenden vierten Platz hat Marc, wie alle anderen Sportler, eine sehr gute Ausgangsposition f\u00fcr die Gesamtwertung des MPDV-Cups.<\/p>\n\n\n\n<figure class=\"wp-block-gallery has-nested-images columns-default is-cropped wp-block-gallery-1 is-layout-flex wp-block-gallery-is-layout-flex\">\n<figure class=\"wp-block-image size-large\"><a href=\"https:\/\/www.rmsv-langenbrand.de\/wp-content\/uploads\/2023\/05\/Stefan02-scaled.jpg\"><img loading=\"lazy\" decoding=\"async\" width=\"2560\" height=\"1440\" data-id=\"3023\" src=\"https:\/\/www.rmsv-langenbrand.de\/wp-content\/uploads\/2023\/05\/Stefan02-scaled.jpg\" alt=\"\" class=\"wp-image-3023\" srcset=\"https:\/\/www.rmsv-langenbrand.de\/wp-content\/uploads\/2023\/05\/Stefan02-scaled.jpg 2560w, https:\/\/www.rmsv-langenbrand.de\/wp-content\/uploads\/2023\/05\/Stefan02-300x169.jpg 300w, https:\/\/www.rmsv-langenbrand.de\/wp-content\/uploads\/2023\/05\/Stefan02-1024x576.jpg 1024w, https:\/\/www.rmsv-langenbrand.de\/wp-content\/uploads\/2023\/05\/Stefan02-768x432.jpg 768w, https:\/\/www.rmsv-langenbrand.de\/wp-content\/uploads\/2023\/05\/Stefan02-1536x864.jpg 1536w, https:\/\/www.rmsv-langenbrand.de\/wp-content\/uploads\/2023\/05\/Stefan02-2048x1152.jpg 2048w\" sizes=\"auto, (max-width: 2560px) 100vw, 2560px\" \/><\/a><\/figure>\n\n\n\n<figure class=\"wp-block-image size-large\"><a href=\"https:\/\/www.rmsv-langenbrand.de\/wp-content\/uploads\/2023\/05\/20230507_124740.jpg\"><img loading=\"lazy\" decoding=\"async\" width=\"1265\" height=\"2250\" data-id=\"3022\" src=\"https:\/\/www.rmsv-langenbrand.de\/wp-content\/uploads\/2023\/05\/20230507_124740.jpg\" alt=\"\" class=\"wp-image-3022\" srcset=\"https:\/\/www.rmsv-langenbrand.de\/wp-content\/uploads\/2023\/05\/20230507_124740.jpg 1265w, https:\/\/www.rmsv-langenbrand.de\/wp-content\/uploads\/2023\/05\/20230507_124740-169x300.jpg 169w, https:\/\/www.rmsv-langenbrand.de\/wp-content\/uploads\/2023\/05\/20230507_124740-576x1024.jpg 576w, https:\/\/www.rmsv-langenbrand.de\/wp-content\/uploads\/2023\/05\/20230507_124740-768x1366.jpg 768w, https:\/\/www.rmsv-langenbrand.de\/wp-content\/uploads\/2023\/05\/20230507_124740-864x1536.jpg 864w, https:\/\/www.rmsv-langenbrand.de\/wp-content\/uploads\/2023\/05\/20230507_124740-1151x2048.jpg 1151w\" sizes=\"auto, (max-width: 1265px) 100vw, 1265px\" \/><\/a><\/figure>\n<\/figure>\n","protected":false},"excerpt":{"rendered":"<p>Am Sonntag, dem 7. Mai waren 5 Sportler des RMSV Langenbrand bei der Auftaktveranstaltung des MPDV-Cup in Unterm\u00fcnkheim am Start. Gregor Sprenger startete beim Hobby-Rennen in der Klasse der Senioren und erreichte auf der anspruchsvollen Strecke einen hervorragenden zweiten Platz. Beim Rennen der Lizenzklassen war Stefan Glauner in der Klasse <a class=\"more-link\" href=\"https:\/\/www.rmsv-langenbrand.de\/?p=3025\">Weiterlesen<\/a><\/p>\n","protected":false},"author":5,"featured_media":0,"comment_status":"closed","ping_status":"closed","sticky":true,"template":"","format":"standard","meta":{"ngg_post_thumbnail":0,"footnotes":""},"categories":[1],"tags":[],"class_list":["post-3025","post","type-post","status-publish","format-standard","hentry","category-allgemein"],"_links":{"self":[{"href":"https:\/\/www.rmsv-langenbrand.de\/index.php?rest_route=\/wp\/v2\/posts\/3025","targetHints":{"allow":["GET"]}}],"collection":[{"href":"https:\/\/www.rmsv-langenbrand.de\/index.php?rest_route=\/wp\/v2\/posts"}],"about":[{"href":"https:\/\/www.rmsv-langenbrand.de\/index.php?rest_route=\/wp\/v2\/types\/post"}],"author":[{"embeddable":true,"href":"https:\/\/www.rmsv-langenbrand.de\/index.php?rest_route=\/wp\/v2\/users\/5"}],"replies":[{"embeddable":true,"href":"https:\/\/www.rmsv-langenbrand.de\/index.php?rest_route=%2Fwp%2Fv2%2Fcomments&post=3025"}],"version-history":[{"count":1,"href":"https:\/\/www.rmsv-langenbrand.de\/index.php?rest_route=\/wp\/v2\/posts\/3025\/revisions"}],"predecessor-version":[{"id":3026,"href":"https:\/\/www.rmsv-langenbrand.de\/index.php?rest_route=\/wp\/v2\/posts\/3025\/revisions\/3026"}],"wp:attachment":[{"href":"https:\/\/www.rmsv-langenbrand.de\/index.php?rest_route=%2Fwp%2Fv2%2Fmedia&parent=3025"}],"wp:term":[{"taxonomy":"category","embeddable":true,"href":"https:\/\/www.rmsv-langenbrand.de\/index.php?rest_route=%2Fwp%2Fv2%2Fcategories&post=3025"},{"taxonomy":"post_tag","embeddable":true,"href":"https:\/\/www.rmsv-langenbrand.de\/index.php?rest_route=%2Fwp%2Fv2%2Ftags&post=3025"}],"curies":[{"name":"wp","href":"https:\/\/api.w.org\/{rel}","templated":true}]}}